{"id":9524,"date":"2025-02-05T14:36:25","date_gmt":"2025-02-05T06:36:25","guid":{"rendered":"https:\/\/www.mentormedia.com\/?p=9524"},"modified":"2026-03-18T20:21:05","modified_gmt":"2026-03-18T12:21:05","slug":"carta-de-abertura-do-ceo-para-2025","status":"publish","type":"post","link":"https:\/\/www.mentormedia.com\/pt-br\/2025\/02\/05\/carta-de-abertura-do-ceo-para-2025\/","title":{"rendered":"Carta de Abertura do CEO para 2025"},"content":{"rendered":"\n<figure class=\"wp-block-image size-large\"><img width=\"1024\" height=\"616\" fetchpriority=\"high\" decoding=\"sync\" src=\"https:\/\/www.mentormedia.com\/wp-content\/uploads\/2025\/02\/CEO-OL-2025_2-1024x616.jpg\" alt=\"CEO OL X\" class=\"wp-image-9497\" srcset=\"https:\/\/www.mentormedia.com\/wp-content\/uploads\/2025\/02\/CEO-OL-2025_2-1024x616.jpg 1024w, https:\/\/www.mentormedia.com\/wp-content\/uploads\/2025\/02\/CEO-OL-2025_2-300x181.jpg 300w, https:\/\/www.mentormedia.com\/wp-content\/uploads\/2025\/02\/CEO-OL-2025_2-768x462.jpg 768w, https:\/\/www.mentormedia.com\/wp-content\/uploads\/2025\/02\/CEO-OL-2025_2-1536x924.jpg 1536w, https:\/\/www.mentormedia.com\/wp-content\/uploads\/2025\/02\/CEO-OL-2025_2.jpg 1662w\" sizes=\"(max-width: 1024px) 100vw, 1024px\" \/><\/figure>\n\n\n\n<p>Caros Mentorianos,<\/p>\n\n\n\n<p>Ao entrarmos em 2025, sinto um imenso orgulho e gratid\u00e3o ao refletir sobre tudo o que conquistamos juntos na Mentor Media. Nossa trajet\u00f3ria ao longo dos \u00faltimos anos tem sido verdadeiramente not\u00e1vel, e \u00e9 gra\u00e7as ao compromisso, \u00e0 inova\u00e7\u00e3o e \u00e0 paix\u00e3o de cada indiv\u00edduo em nossa organiza\u00e7\u00e3o que continuamos a romper barreiras e redefinir o que \u00e9 poss\u00edvel em nossos servi\u00e7os de Gest\u00e3o da Cadeia de Suprimentos.<\/p>\n\n\n\n<p>Os destaques de 2024 incluem nossos novos sites, MM Juarez 2 e MSC Monterey, que estiveram em plena opera\u00e7\u00e3o, al\u00e9m do in\u00edcio das opera\u00e7\u00f5es na MSC Tail\u00e2ndia em novembro. Outros sites existentes foram ajustados conforme o n\u00edvel de neg\u00f3cios esperado para o futuro pr\u00f3ximo. Na China, preparamos a reestrutura\u00e7\u00e3o da organiza\u00e7\u00e3o, passando de uma estrutura baseada em Entidades\/Regi\u00f5es para a Organiza\u00e7\u00e3o \u00danica da China, prevista para entrar em opera\u00e7\u00e3o em 2025. Essas a\u00e7\u00f5es s\u00e3o fundamentais para responder \u00e0 estrat\u00e9gia China + N. Agrade\u00e7o o apoio e a coopera\u00e7\u00e3o de cada Mentoriano para tornar tudo isso realidade.<\/p>\n\n\n\n<p>O ano que se inicia apresenta novas oportunidades e desafios. Com o cen\u00e1rio de &#8220;Trump 2.0&#8221; nos EUA, esperamos mais incertezas do que no ano anterior, pois as mudan\u00e7as geopol\u00edticas ser\u00e3o intensas. Nossa Rede Global da Cadeia de Suprimentos \u00e9, por si s\u00f3, uma vantagem, mas precisa ser \u00e1gil e resiliente para responder \u00e0s transforma\u00e7\u00f5es que surgirem. Juntos, iremos nos adaptar e formular a melhor Rede de Cadeia de Suprimentos para nossos clientes atuais e futuros. O cen\u00e1rio tecnol\u00f3gico est\u00e1 evoluindo mais rapidamente do que nunca, transformando a maneira como inovamos e implementamos solu\u00e7\u00f5es na cadeia de suprimentos. Desde aplica\u00e7\u00f5es baseadas em intelig\u00eancia artificial para aprimorar nossa efici\u00eancia e efic\u00e1cia no trabalho at\u00e9 a automa\u00e7\u00e3o de processos por meio de rob\u00f3tica, mobilidade automatizada e dispositivos IoT \u2013 para citar apenas algumas das inova\u00e7\u00f5es frequentemente mencionadas. Est\u00e1 claro que a adaptabilidade e o pensamento estrat\u00e9gico ser\u00e3o essenciais para permanecermos na vanguarda dos servi\u00e7os que oferecemos.<\/p>\n\n\n\n<p>Em 2025, continuaremos a enfatizar a sustentabilidade, avan\u00e7ando com o objetivo de alcan\u00e7ar a neutralidade de carbono at\u00e9 2050. Reconhecemos a responsabilidade que temos em contribuir para um futuro mais sustent\u00e1vel e inclusivo, e nossas iniciativas de ESG continuar\u00e3o em ritmo acelerado.<\/p>\n\n\n\n<p>Tamb\u00e9m estou entusiasmado com o papel crescente da colabora\u00e7\u00e3o em nosso setor. Seja por meio de parcerias com empresas de tecnologia de ponta, fabricantes, fomentando talentos de diversas origens ou interagindo com nossos clientes de novas maneiras, o poder do trabalho em equipe ser\u00e1 central para o nosso sucesso. Junto com nossos clientes, podemos explorar novas fronteiras, superar desafios e construir conex\u00f5es duradouras.<\/p>\n\n\n\n<p>Nada disso seria poss\u00edvel sem as pessoas extraordin\u00e1rias da Mentor Media\u2014cada um de voc\u00eas contribui para nosso sucesso e traz uma perspectiva \u00fanica que nos impulsiona para frente. Agrade\u00e7o sua dedica\u00e7\u00e3o, criatividade e resili\u00eancia. Tenho plena confian\u00e7a de que, com o mesmo entusiasmo e comprometimento, alcan\u00e7aremos patamares ainda mais elevados no pr\u00f3ximo ano.<\/p>\n\n\n\n<p>Sigamos adiante com prop\u00f3sito e entusiasmo, prontos para enfrentar os desafios e oportunidades que 2025 trar\u00e1. Juntos, continuaremos a causar um impacto duradouro no mundo, refletindo com precis\u00e3o nosso lema: \u201cWE SUPPLY THE WORLD\u201d!<\/p>\n\n\n\n<p>Que tenhamos um ano ousado e transformador pela frente!<\/p>\n\n\n\n<p>Desejo a todos os Mentorianos e suas fam\u00edlias um Ano Novo Feliz, Saud\u00e1vel e Pr\u00f3spero!<\/p>\n\n\n\n<p>Com gratid\u00e3o e otimismo,<br>Lim Kok Khoon<br>Presidente &amp; CEO<br>Mentor Media<\/p>\n","protected":false},"excerpt":{"rendered":"<p>Caros Mentorianos, Ao entrarmos em 2025, sinto um imenso orgulho e gratid\u00e3o ao refletir sobre tudo o que conquistamos juntos na Mentor Media. Nossa trajet\u00f3ria ao longo dos \u00faltimos anos tem sido verdadeiramente not\u00e1vel, e \u00e9 gra\u00e7as ao compromisso, \u00e0 inova\u00e7\u00e3o e \u00e0 paix\u00e3o de cada indiv\u00edduo em nossa organiza\u00e7\u00e3o que continuamos a romper barreiras&#8230;<\/p>\n","protected":false},"author":2,"featured_media":9497,"comment_status":"closed","ping_status":"closed","sticky":false,"template":"","format":"standard","meta":{"footnotes":""},"categories":[5],"tags":[],"class_list":["post-9524","post","type-post","status-publish","format-standard","has-post-thumbnail","hentry","category-nao-categorizado"],"yoast_head":"<!-- This site is optimized with the Yoast SEO plugin v27.5 - https:\/\/yoast.com\/product\/yoast-seo-wordpress\/ -->\n<title>Carta de Abertura do CEO para 2025 - Mentor Media<\/title>\n<meta name=\"robots\" content=\"index, follow, max-snippet:-1, max-image-preview:large, max-video-preview:-1\" \/>\n<link rel=\"canonical\" href=\"https:\/\/www.mentormedia.com\/pt-br\/2025\/02\/05\/carta-de-abertura-do-ceo-para-2025\/\" \/>\n<meta property=\"og:locale\" content=\"pt_BR\" \/>\n<meta property=\"og:type\" content=\"article\" \/>\n<meta property=\"og:title\" content=\"Carta de Abertura do CEO para 2025 - Mentor Media\" \/>\n<meta property=\"og:description\" content=\"Caros Mentorianos, Ao entrarmos em 2025, sinto um imenso orgulho e gratid\u00e3o ao refletir sobre tudo o que conquistamos juntos na Mentor Media. Nossa trajet\u00f3ria ao longo dos \u00faltimos anos tem sido verdadeiramente not\u00e1vel, e \u00e9 gra\u00e7as ao compromisso, \u00e0 inova\u00e7\u00e3o e \u00e0 paix\u00e3o de cada indiv\u00edduo em nossa organiza\u00e7\u00e3o que continuamos a romper barreiras...\" \/>\n<meta property=\"og:url\" content=\"https:\/\/www.mentormedia.com\/pt-br\/2025\/02\/05\/carta-de-abertura-do-ceo-para-2025\/\" \/>\n<meta property=\"og:site_name\" content=\"Mentor Media\" \/>\n<meta property=\"article:published_time\" content=\"2025-02-05T06:36:25+00:00\" \/>\n<meta property=\"article:modified_time\" content=\"2026-03-18T12:21:05+00:00\" \/>\n<meta property=\"og:image\" content=\"https:\/\/www.mentormedia.com\/wp-content\/uploads\/2025\/02\/CEO-OL-2025_2.jpg\" \/>\n\t<meta property=\"og:image:width\" content=\"1662\" \/>\n\t<meta property=\"og:image:height\" content=\"1000\" \/>\n\t<meta property=\"og:image:type\" content=\"image\/jpeg\" \/>\n<meta name=\"author\" content=\"Mentor Media\" \/>\n<meta name=\"twitter:card\" content=\"summary_large_image\" \/>\n<meta name=\"twitter:label1\" content=\"Escrito por\" \/>\n\t<meta name=\"twitter:data1\" content=\"Mentor Media\" \/>\n\t<meta name=\"twitter:label2\" content=\"Est. tempo de leitura\" \/>\n\t<meta name=\"twitter:data2\" content=\"3 minutos\" \/>\n<script type=\"application\/ld+json\" class=\"yoast-schema-graph\">{\"@context\":\"https:\\\/\\\/schema.org\",\"@graph\":[{\"@type\":\"Article\",\"@id\":\"https:\\\/\\\/www.mentormedia.com\\\/pt-br\\\/2025\\\/02\\\/05\\\/carta-de-abertura-do-ceo-para-2025\\\/#article\",\"isPartOf\":{\"@id\":\"https:\\\/\\\/www.mentormedia.com\\\/pt-br\\\/2025\\\/02\\\/05\\\/carta-de-abertura-do-ceo-para-2025\\\/\"},\"author\":{\"name\":\"Mentor Media\",\"@id\":\"https:\\\/\\\/www.mentormedia.com\\\/#\\\/schema\\\/person\\\/1641095976a2e55246f19c77a9b3deb6\"},\"headline\":\"Carta de Abertura do CEO para 2025\",\"datePublished\":\"2025-02-05T06:36:25+00:00\",\"dateModified\":\"2026-03-18T12:21:05+00:00\",\"mainEntityOfPage\":{\"@id\":\"https:\\\/\\\/www.mentormedia.com\\\/pt-br\\\/2025\\\/02\\\/05\\\/carta-de-abertura-do-ceo-para-2025\\\/\"},\"wordCount\":607,\"publisher\":{\"@id\":\"https:\\\/\\\/www.mentormedia.com\\\/#organization\"},\"image\":{\"@id\":\"https:\\\/\\\/www.mentormedia.com\\\/pt-br\\\/2025\\\/02\\\/05\\\/carta-de-abertura-do-ceo-para-2025\\\/#primaryimage\"},\"thumbnailUrl\":\"https:\\\/\\\/www.mentormedia.com\\\/wp-content\\\/uploads\\\/2025\\\/02\\\/CEO-OL-2025_2.jpg\",\"articleSection\":[\"N\u00e3o categorizado\"],\"inLanguage\":\"pt-BR\"},{\"@type\":\"WebPage\",\"@id\":\"https:\\\/\\\/www.mentormedia.com\\\/pt-br\\\/2025\\\/02\\\/05\\\/carta-de-abertura-do-ceo-para-2025\\\/\",\"url\":\"https:\\\/\\\/www.mentormedia.com\\\/pt-br\\\/2025\\\/02\\\/05\\\/carta-de-abertura-do-ceo-para-2025\\\/\",\"name\":\"Carta de Abertura do CEO para 2025 - Mentor Media\",\"isPartOf\":{\"@id\":\"https:\\\/\\\/www.mentormedia.com\\\/#website\"},\"primaryImageOfPage\":{\"@id\":\"https:\\\/\\\/www.mentormedia.com\\\/pt-br\\\/2025\\\/02\\\/05\\\/carta-de-abertura-do-ceo-para-2025\\\/#primaryimage\"},\"image\":{\"@id\":\"https:\\\/\\\/www.mentormedia.com\\\/pt-br\\\/2025\\\/02\\\/05\\\/carta-de-abertura-do-ceo-para-2025\\\/#primaryimage\"},\"thumbnailUrl\":\"https:\\\/\\\/www.mentormedia.com\\\/wp-content\\\/uploads\\\/2025\\\/02\\\/CEO-OL-2025_2.jpg\",\"datePublished\":\"2025-02-05T06:36:25+00:00\",\"dateModified\":\"2026-03-18T12:21:05+00:00\",\"breadcrumb\":{\"@id\":\"https:\\\/\\\/www.mentormedia.com\\\/pt-br\\\/2025\\\/02\\\/05\\\/carta-de-abertura-do-ceo-para-2025\\\/#breadcrumb\"},\"inLanguage\":\"pt-BR\",\"potentialAction\":[{\"@type\":\"ReadAction\",\"target\":[\"https:\\\/\\\/www.mentormedia.com\\\/pt-br\\\/2025\\\/02\\\/05\\\/carta-de-abertura-do-ceo-para-2025\\\/\"]}]},{\"@type\":\"ImageObject\",\"inLanguage\":\"pt-BR\",\"@id\":\"https:\\\/\\\/www.mentormedia.com\\\/pt-br\\\/2025\\\/02\\\/05\\\/carta-de-abertura-do-ceo-para-2025\\\/#primaryimage\",\"url\":\"https:\\\/\\\/www.mentormedia.com\\\/wp-content\\\/uploads\\\/2025\\\/02\\\/CEO-OL-2025_2.jpg\",\"contentUrl\":\"https:\\\/\\\/www.mentormedia.com\\\/wp-content\\\/uploads\\\/2025\\\/02\\\/CEO-OL-2025_2.jpg\",\"width\":1662,\"height\":1000},{\"@type\":\"BreadcrumbList\",\"@id\":\"https:\\\/\\\/www.mentormedia.com\\\/pt-br\\\/2025\\\/02\\\/05\\\/carta-de-abertura-do-ceo-para-2025\\\/#breadcrumb\",\"itemListElement\":[{\"@type\":\"ListItem\",\"position\":1,\"name\":\"Home\",\"item\":\"https:\\\/\\\/www.mentormedia.com\\\/pt-br\\\/\"},{\"@type\":\"ListItem\",\"position\":2,\"name\":\"Carta de Abertura do CEO para 2025\"}]},{\"@type\":\"WebSite\",\"@id\":\"https:\\\/\\\/www.mentormedia.com\\\/#website\",\"url\":\"https:\\\/\\\/www.mentormedia.com\\\/\",\"name\":\"Mentor Media\",\"description\":\"Global Supply Chain Solutions\",\"publisher\":{\"@id\":\"https:\\\/\\\/www.mentormedia.com\\\/#organization\"},\"potentialAction\":[{\"@type\":\"SearchAction\",\"target\":{\"@type\":\"EntryPoint\",\"urlTemplate\":\"https:\\\/\\\/www.mentormedia.com\\\/?s={search_term_string}\"},\"query-input\":{\"@type\":\"PropertyValueSpecification\",\"valueRequired\":true,\"valueName\":\"search_term_string\"}}],\"inLanguage\":\"pt-BR\"},{\"@type\":\"Organization\",\"@id\":\"https:\\\/\\\/www.mentormedia.com\\\/#organization\",\"name\":\"Mentor Media\",\"url\":\"https:\\\/\\\/www.mentormedia.com\\\/\",\"logo\":{\"@type\":\"ImageObject\",\"inLanguage\":\"pt-BR\",\"@id\":\"https:\\\/\\\/www.mentormedia.com\\\/#\\\/schema\\\/logo\\\/image\\\/\",\"url\":\"https:\\\/\\\/www.mentormedia.com\\\/wp-content\\\/uploads\\\/2026\\\/02\\\/logo-mentor-media.webp\",\"contentUrl\":\"https:\\\/\\\/www.mentormedia.com\\\/wp-content\\\/uploads\\\/2026\\\/02\\\/logo-mentor-media.webp\",\"width\":200,\"height\":82,\"caption\":\"Mentor Media\"},\"image\":{\"@id\":\"https:\\\/\\\/www.mentormedia.com\\\/#\\\/schema\\\/logo\\\/image\\\/\"}},{\"@type\":\"Person\",\"@id\":\"https:\\\/\\\/www.mentormedia.com\\\/#\\\/schema\\\/person\\\/1641095976a2e55246f19c77a9b3deb6\",\"name\":\"Mentor Media\",\"url\":\"https:\\\/\\\/www.mentormedia.com\\\/pt-br\\\/author\\\/elanders-ronbyb\\\/\"}]}<\/script>\n<!-- \/ Yoast SEO plugin. -->","yoast_head_json":{"title":"Carta de Abertura do CEO para 2025 - Mentor Media","robots":{"index":"index","follow":"follow","max-snippet":"max-snippet:-1","max-image-preview":"max-image-preview:large","max-video-preview":"max-video-preview:-1"},"canonical":"https:\/\/www.mentormedia.com\/pt-br\/2025\/02\/05\/carta-de-abertura-do-ceo-para-2025\/","og_locale":"pt_BR","og_type":"article","og_title":"Carta de Abertura do CEO para 2025 - Mentor Media","og_description":"Caros Mentorianos, Ao entrarmos em 2025, sinto um imenso orgulho e gratid\u00e3o ao refletir sobre tudo o que conquistamos juntos na Mentor Media. Nossa trajet\u00f3ria ao longo dos \u00faltimos anos tem sido verdadeiramente not\u00e1vel, e \u00e9 gra\u00e7as ao compromisso, \u00e0 inova\u00e7\u00e3o e \u00e0 paix\u00e3o de cada indiv\u00edduo em nossa organiza\u00e7\u00e3o que continuamos a romper barreiras...","og_url":"https:\/\/www.mentormedia.com\/pt-br\/2025\/02\/05\/carta-de-abertura-do-ceo-para-2025\/","og_site_name":"Mentor Media","article_published_time":"2025-02-05T06:36:25+00:00","article_modified_time":"2026-03-18T12:21:05+00:00","og_image":[{"width":1662,"height":1000,"url":"https:\/\/www.mentormedia.com\/wp-content\/uploads\/2025\/02\/CEO-OL-2025_2.jpg","type":"image\/jpeg"}],"author":"Mentor Media","twitter_card":"summary_large_image","twitter_misc":{"Escrito por":"Mentor Media","Est. tempo de leitura":"3 minutos"},"schema":{"@context":"https:\/\/schema.org","@graph":[{"@type":"Article","@id":"https:\/\/www.mentormedia.com\/pt-br\/2025\/02\/05\/carta-de-abertura-do-ceo-para-2025\/#article","isPartOf":{"@id":"https:\/\/www.mentormedia.com\/pt-br\/2025\/02\/05\/carta-de-abertura-do-ceo-para-2025\/"},"author":{"name":"Mentor Media","@id":"https:\/\/www.mentormedia.com\/#\/schema\/person\/1641095976a2e55246f19c77a9b3deb6"},"headline":"Carta de Abertura do CEO para 2025","datePublished":"2025-02-05T06:36:25+00:00","dateModified":"2026-03-18T12:21:05+00:00","mainEntityOfPage":{"@id":"https:\/\/www.mentormedia.com\/pt-br\/2025\/02\/05\/carta-de-abertura-do-ceo-para-2025\/"},"wordCount":607,"publisher":{"@id":"https:\/\/www.mentormedia.com\/#organization"},"image":{"@id":"https:\/\/www.mentormedia.com\/pt-br\/2025\/02\/05\/carta-de-abertura-do-ceo-para-2025\/#primaryimage"},"thumbnailUrl":"https:\/\/www.mentormedia.com\/wp-content\/uploads\/2025\/02\/CEO-OL-2025_2.jpg","articleSection":["N\u00e3o categorizado"],"inLanguage":"pt-BR"},{"@type":"WebPage","@id":"https:\/\/www.mentormedia.com\/pt-br\/2025\/02\/05\/carta-de-abertura-do-ceo-para-2025\/","url":"https:\/\/www.mentormedia.com\/pt-br\/2025\/02\/05\/carta-de-abertura-do-ceo-para-2025\/","name":"Carta de Abertura do CEO para 2025 - Mentor Media","isPartOf":{"@id":"https:\/\/www.mentormedia.com\/#website"},"primaryImageOfPage":{"@id":"https:\/\/www.mentormedia.com\/pt-br\/2025\/02\/05\/carta-de-abertura-do-ceo-para-2025\/#primaryimage"},"image":{"@id":"https:\/\/www.mentormedia.com\/pt-br\/2025\/02\/05\/carta-de-abertura-do-ceo-para-2025\/#primaryimage"},"thumbnailUrl":"https:\/\/www.mentormedia.com\/wp-content\/uploads\/2025\/02\/CEO-OL-2025_2.jpg","datePublished":"2025-02-05T06:36:25+00:00","dateModified":"2026-03-18T12:21:05+00:00","breadcrumb":{"@id":"https:\/\/www.mentormedia.com\/pt-br\/2025\/02\/05\/carta-de-abertura-do-ceo-para-2025\/#breadcrumb"},"inLanguage":"pt-BR","potentialAction":[{"@type":"ReadAction","target":["https:\/\/www.mentormedia.com\/pt-br\/2025\/02\/05\/carta-de-abertura-do-ceo-para-2025\/"]}]},{"@type":"ImageObject","inLanguage":"pt-BR","@id":"https:\/\/www.mentormedia.com\/pt-br\/2025\/02\/05\/carta-de-abertura-do-ceo-para-2025\/#primaryimage","url":"https:\/\/www.mentormedia.com\/wp-content\/uploads\/2025\/02\/CEO-OL-2025_2.jpg","contentUrl":"https:\/\/www.mentormedia.com\/wp-content\/uploads\/2025\/02\/CEO-OL-2025_2.jpg","width":1662,"height":1000},{"@type":"BreadcrumbList","@id":"https:\/\/www.mentormedia.com\/pt-br\/2025\/02\/05\/carta-de-abertura-do-ceo-para-2025\/#breadcrumb","itemListElement":[{"@type":"ListItem","position":1,"name":"Home","item":"https:\/\/www.mentormedia.com\/pt-br\/"},{"@type":"ListItem","position":2,"name":"Carta de Abertura do CEO para 2025"}]},{"@type":"WebSite","@id":"https:\/\/www.mentormedia.com\/#website","url":"https:\/\/www.mentormedia.com\/","name":"Mentor Media","description":"Global Supply Chain Solutions","publisher":{"@id":"https:\/\/www.mentormedia.com\/#organization"},"potentialAction":[{"@type":"SearchAction","target":{"@type":"EntryPoint","urlTemplate":"https:\/\/www.mentormedia.com\/?s={search_term_string}"},"query-input":{"@type":"PropertyValueSpecification","valueRequired":true,"valueName":"search_term_string"}}],"inLanguage":"pt-BR"},{"@type":"Organization","@id":"https:\/\/www.mentormedia.com\/#organization","name":"Mentor Media","url":"https:\/\/www.mentormedia.com\/","logo":{"@type":"ImageObject","inLanguage":"pt-BR","@id":"https:\/\/www.mentormedia.com\/#\/schema\/logo\/image\/","url":"https:\/\/www.mentormedia.com\/wp-content\/uploads\/2026\/02\/logo-mentor-media.webp","contentUrl":"https:\/\/www.mentormedia.com\/wp-content\/uploads\/2026\/02\/logo-mentor-media.webp","width":200,"height":82,"caption":"Mentor Media"},"image":{"@id":"https:\/\/www.mentormedia.com\/#\/schema\/logo\/image\/"}},{"@type":"Person","@id":"https:\/\/www.mentormedia.com\/#\/schema\/person\/1641095976a2e55246f19c77a9b3deb6","name":"Mentor Media","url":"https:\/\/www.mentormedia.com\/pt-br\/author\/elanders-ronbyb\/"}]}},"_links":{"self":[{"href":"https:\/\/www.mentormedia.com\/pt-br\/wp-json\/wp\/v2\/posts\/9524","targetHints":{"allow":["GET"]}}],"collection":[{"href":"https:\/\/www.mentormedia.com\/pt-br\/wp-json\/wp\/v2\/posts"}],"about":[{"href":"https:\/\/www.mentormedia.com\/pt-br\/wp-json\/wp\/v2\/types\/post"}],"author":[{"embeddable":true,"href":"https:\/\/www.mentormedia.com\/pt-br\/wp-json\/wp\/v2\/users\/2"}],"replies":[{"embeddable":true,"href":"https:\/\/www.mentormedia.com\/pt-br\/wp-json\/wp\/v2\/comments?post=9524"}],"version-history":[{"count":3,"href":"https:\/\/www.mentormedia.com\/pt-br\/wp-json\/wp\/v2\/posts\/9524\/revisions"}],"predecessor-version":[{"id":11523,"href":"https:\/\/www.mentormedia.com\/pt-br\/wp-json\/wp\/v2\/posts\/9524\/revisions\/11523"}],"wp:featuredmedia":[{"embeddable":true,"href":"https:\/\/www.mentormedia.com\/pt-br\/wp-json\/wp\/v2\/media\/9497"}],"wp:attachment":[{"href":"https:\/\/www.mentormedia.com\/pt-br\/wp-json\/wp\/v2\/media?parent=9524"}],"wp:term":[{"taxonomy":"category","embeddable":true,"href":"https:\/\/www.mentormedia.com\/pt-br\/wp-json\/wp\/v2\/categories?post=9524"},{"taxonomy":"post_tag","embeddable":true,"href":"https:\/\/www.mentormedia.com\/pt-br\/wp-json\/wp\/v2\/tags?post=9524"}],"curies":[{"name":"wp","href":"https:\/\/api.w.org\/{rel}","templated":true}]}}